{"id":58,"date":"2020-09-25T13:56:23","date_gmt":"2020-09-25T11:56:23","guid":{"rendered":"https:\/\/nueha.de\/?p=58"},"modified":"2021-05-13T14:23:37","modified_gmt":"2021-05-13T12:23:37","slug":"eine-juedische-laubhuette-auf-dem-dach-der-nazi-kongresshalle","status":"publish","type":"post","link":"https:\/\/nueha.de\/?p=58","title":{"rendered":"Eine j\u00fcdische Laubh\u00fctte auf dem Dach der Nazi-Kongresshalle"},"content":{"rendered":"\n<figure class=\"wp-block-embed is-type-video is-provider-youtube wp-block-embed-youtube wp-embed-aspect-16-9 wp-has-aspect-ratio\"><div class=\"wp-block-embed__wrapper\">\n<iframe loading=\"lazy\" title=\"Laubhu\u0308ttenfest Sukkot- Gr\u00fcndung des Vereins N\u00fcrnberg- Hadera\" width=\"696\" height=\"392\" src=\"https:\/\/www.youtube.com\/embed\/cLhyXNMlt4w?feature=oembed\" frameborder=\"0\" allow=\"accelerometer; autoplay; clipboard-write; encrypted-media; gyroscope; picture-in-picture\" allowfullscreen><\/iframe>\n<\/div><\/figure>\n\n\n\n<p>Ungew\u00f6hnliche Gr\u00fcndungsveranstaltung des Partnerschaftsvereins N\u00fcrnberg &#8211; Hadera&nbsp;&nbsp;<\/p>\n\n\n\n<p>Sehr geehrte Damen und Herren,&nbsp; am 3. Oktober 2020 begehen J\u00fcdinnen und Juden auf der ganzen Welt das traditionelle Laubh\u00fcttenfest.&nbsp;<\/p>\n\n\n\n<p>In&nbsp;N\u00fcrnberg wird es in diesem Jahr ein besonders ungew\u00f6hnliches Laubh\u00fcttenfest geben.&nbsp;An diesem Tag wird der Partnerschaftsverein N\u00fcrnberg &#8211; Hadera seine Gr\u00fcndung feiern und dazu eine Laubh\u00fctte, die sogenannte Sukkah, auf dem Dach der einst von den&nbsp;Nazis geplanten&nbsp;Kongresshalle, dem&nbsp;heutigen Dokumentationszentrum Reichsparteitagsgel\u00e4nde (Bayernstra\u00dfe 110), aufbauen.&nbsp;<\/p>\n\n\n\n<p>Das Laubh\u00fcttenfest ist das j\u00fcdische Erntedankfest, entsprechend fr\u00f6hlich ist die Feier, zu der&nbsp;wir Sie&nbsp;ab 19:00&nbsp;Uhr einladen. Einlass ab 18.30 Uhr. <\/p>\n\n\n\n<p>Die erleuchtete Laubh\u00fctte d\u00fcrfte vor dem Hintergrund&nbsp;des Nazi-Baus f\u00fcr ungew\u00f6hnliche Bildmotive sorgen.&nbsp;<br><\/p>\n\n\n\n<p>Die&nbsp;Generalkonsulin von Israel, Sandra Simovich, und die&nbsp;Oberb\u00fcrgermeister von Hadera, Zvika Gendemann, und N\u00fcrnberg, Marcus K\u00f6nig,&nbsp;werden&nbsp;\u2013teils digital-&nbsp;Gru\u00dfworte sprechen.&nbsp;&nbsp;<\/p>\n\n\n\n<p>Der Verein hat es sich zum Ziel gesetzt, die Partnerschaft zwischen den beiden St\u00e4dten, die seit 25 Jahren besteht, zu f\u00f6rdern und zu vertiefen. &nbsp;<br><\/p>\n\n\n\n<p>Nat\u00fcrlich steht der Vorstand des Partnerschaftsvereins f\u00fcr Ihre Fragen zur Verf\u00fcgung.&nbsp;Da Corona-bedingt die Zahl der Teilnehmer stark begrenzt ist, bitten wir um&nbsp;Anmeldung unter&nbsp;<a class=\"\" rel=\"noreferrer noopener\" href=\"mailto:liberova@gmx.de\" target=\"_blank\">liberova@gmx.de<\/a>&nbsp;<\/p>\n\n\n\n<p>Wir freuen uns auf stimmungsvolle Stunden mit Ihnen auf dem Dach des Dokuzentrums.&nbsp;&nbsp;<\/p>\n\n\n\n<p>Mit freundlichen Gr\u00fc\u00dfen&nbsp;&nbsp;<\/p>\n\n\n\n<p>Diana Liberova<\/p>\n\n\n\n<p>Vereinsvorsitzende<\/p>\n","protected":false},"excerpt":{"rendered":"<p>Ungew\u00f6hnliche Gr\u00fcndungsveranstaltung des Partnerschaftsvereins N\u00fcrnberg &#8211; Hadera&nbsp;&nbsp; Sehr geehrte Damen und Herren,&nbsp; am 3. Oktober 2020 begehen J\u00fcdinnen und Juden auf der ganzen Welt das traditionelle Laubh\u00fcttenfest.&nbsp; In&nbsp;N\u00fcrnberg wird es in diesem Jahr ein besonders ungew\u00f6hnliches Laubh\u00fcttenfest geben.&nbsp;An diesem Tag wird der Partnerschaftsverein N\u00fcrnberg &#8211; Hadera seine Gr\u00fcndung feiern und dazu eine Laubh\u00fctte, die sogenannte<\/p><\/div>\n<div class=\"blog-btn\"><a href=\"https:\/\/nueha.de\/?p=58\" class=\"home-blog-btn\">Weiterlesen<\/a><\/p>\n","protected":false},"author":1,"featured_media":0,"comment_status":"closed","ping_status":"closed","sticky":false,"template":"","format":"standard","meta":{"footnotes":""},"categories":[4],"tags":[],"class_list":["post-58","post","type-post","status-publish","format-standard","hentry","category-aktivitaeten"],"_links":{"self":[{"href":"https:\/\/nueha.de\/index.php?rest_route=\/wp\/v2\/posts\/58","targetHints":{"allow":["GET"]}}],"collection":[{"href":"https:\/\/nueha.de\/index.php?rest_route=\/wp\/v2\/posts"}],"about":[{"href":"https:\/\/nueha.de\/index.php?rest_route=\/wp\/v2\/types\/post"}],"author":[{"embeddable":true,"href":"https:\/\/nueha.de\/index.php?rest_route=\/wp\/v2\/users\/1"}],"replies":[{"embeddable":true,"href":"https:\/\/nueha.de\/index.php?rest_route=%2Fwp%2Fv2%2Fcomments&post=58"}],"version-history":[{"count":3,"href":"https:\/\/nueha.de\/index.php?rest_route=\/wp\/v2\/posts\/58\/revisions"}],"predecessor-version":[{"id":105,"href":"https:\/\/nueha.de\/index.php?rest_route=\/wp\/v2\/posts\/58\/revisions\/105"}],"wp:attachment":[{"href":"https:\/\/nueha.de\/index.php?rest_route=%2Fwp%2Fv2%2Fmedia&parent=58"}],"wp:term":[{"taxonomy":"category","embeddable":true,"href":"https:\/\/nueha.de\/index.php?rest_route=%2Fwp%2Fv2%2Fcategories&post=58"},{"taxonomy":"post_tag","embeddable":true,"href":"https:\/\/nueha.de\/index.php?rest_route=%2Fwp%2Fv2%2Ftags&post=58"}],"curies":[{"name":"wp","href":"https:\/\/api.w.org\/{rel}","templated":true}]}}