{"id":370,"date":"2025-10-07T13:23:14","date_gmt":"2025-10-07T11:23:14","guid":{"rendered":"https:\/\/nueha.de\/?p=370"},"modified":"2025-10-07T13:51:27","modified_gmt":"2025-10-07T11:51:27","slug":"7-oktober","status":"publish","type":"post","link":"https:\/\/nueha.de\/?p=370","title":{"rendered":"7. Oktober"},"content":{"rendered":"\n<p>N\u00fcrnberg, 7. Oktober \u2014 Im Namen unseres Vereins verurteile ich die entsetzlichen Verbrechen, die am 7. Oktober 2023 von Hamas ver\u00fcbt wurden, aufs Sch\u00e4rfste. Die dokumentierten Taten \u2014 darunter gezielte T\u00f6tungen von Zivilpersonen, die Verschleppung von Menschen sowie weitere Handlungen, die als Verbrechen gegen die Menschlichkeit eingestuft wurden \u2014 erf\u00fcllen uns mit tiefster Best\u00fcrzung.<\/p>\n\n\n\n<p>Unsere Gedanken sind bei den Opfern, bei den Verwundeten und bei den Familien der Verschleppten. Wir stehen in Solidarit\u00e4t mit allen, die unter diesem Terror leiden, und fordern die unverz\u00fcgliche Freilassung aller Geiseln. Der durch die Hamas ausgel\u00f6ste Krieg wurde zu einer Trag\u00f6die f\u00fcr die Zivilbev\u00f6lkerung beider Seiten.<\/p>\n\n\n\n<p>Als Verein zur V\u00f6lkerverst\u00e4ndigung, der die Partnerschaft zwischen N\u00fcrnberg und Hadera f\u00f6rdert, appellieren wir an die internationale Gemeinschaft und an alle verantwortlichen Akteure: Setzen Sie sich f\u00fcr Deeskalation und Schutz der Zivilbev\u00f6lkerung und eine dauerhafte L\u00f6sung des Konflikts ein..<\/p>\n\n\n\n<p>Wir hoffen inst\u00e4ndig, dass sich die Lage bald beruhigt und alle Geiseln sicher nach Hause zur\u00fcckkehren. Unser Verein wird weiterhin Br\u00fccken zwischen Menschen und St\u00e4dten bauen, die Erinnerung an das Leid wachhalten und sich f\u00fcr Vers\u00f6hnung, Menschlichkeit und Verst\u00e4ndigung einsetzen.<\/p>\n\n\n\n<p>Mit ernster Sorge und der Hoffnung auf baldige R\u00fcckkehr der Verschleppten,<\/p>\n\n\n\n<p>Der Vorstand<\/p>\n","protected":false},"excerpt":{"rendered":"<p>N\u00fcrnberg, 7. Oktober \u2014 Im Namen unseres Vereins verurteile ich die entsetzlichen Verbrechen, die am 7. Oktober 2023 von Hamas ver\u00fcbt wurden, aufs Sch\u00e4rfste. Die dokumentierten Taten \u2014 darunter gezielte T\u00f6tungen von Zivilpersonen, die Verschleppung von Menschen sowie weitere Handlungen, die als Verbrechen gegen die Menschlichkeit eingestuft wurden \u2014 erf\u00fcllen uns mit tiefster Best\u00fcrzung. Unsere<\/p><\/div>\n<div class=\"blog-btn\"><a href=\"https:\/\/nueha.de\/?p=370\" class=\"home-blog-btn\">Weiterlesen<\/a><\/p>\n","protected":false},"author":1,"featured_media":371,"comment_status":"closed","ping_status":"closed","sticky":false,"template":"","format":"standard","meta":{"footnotes":""},"categories":[12],"tags":[],"class_list":["post-370","post","type-post","status-publish","format-standard","has-post-thumbnail","hentry","category-aktuelles"],"_links":{"self":[{"href":"https:\/\/nueha.de\/index.php?rest_route=\/wp\/v2\/posts\/370","targetHints":{"allow":["GET"]}}],"collection":[{"href":"https:\/\/nueha.de\/index.php?rest_route=\/wp\/v2\/posts"}],"about":[{"href":"https:\/\/nueha.de\/index.php?rest_route=\/wp\/v2\/types\/post"}],"author":[{"embeddable":true,"href":"https:\/\/nueha.de\/index.php?rest_route=\/wp\/v2\/users\/1"}],"replies":[{"embeddable":true,"href":"https:\/\/nueha.de\/index.php?rest_route=%2Fwp%2Fv2%2Fcomments&post=370"}],"version-history":[{"count":5,"href":"https:\/\/nueha.de\/index.php?rest_route=\/wp\/v2\/posts\/370\/revisions"}],"predecessor-version":[{"id":377,"href":"https:\/\/nueha.de\/index.php?rest_route=\/wp\/v2\/posts\/370\/revisions\/377"}],"wp:featuredmedia":[{"embeddable":true,"href":"https:\/\/nueha.de\/index.php?rest_route=\/wp\/v2\/media\/371"}],"wp:attachment":[{"href":"https:\/\/nueha.de\/index.php?rest_route=%2Fwp%2Fv2%2Fmedia&parent=370"}],"wp:term":[{"taxonomy":"category","embeddable":true,"href":"https:\/\/nueha.de\/index.php?rest_route=%2Fwp%2Fv2%2Fcategories&post=370"},{"taxonomy":"post_tag","embeddable":true,"href":"https:\/\/nueha.de\/index.php?rest_route=%2Fwp%2Fv2%2Ftags&post=370"}],"curies":[{"name":"wp","href":"https:\/\/api.w.org\/{rel}","templated":true}]}}