{"id":338,"date":"2023-10-23T14:51:41","date_gmt":"2023-10-23T12:51:41","guid":{"rendered":"https:\/\/nueha.de\/?p=338"},"modified":"2024-10-17T14:58:41","modified_gmt":"2024-10-17T12:58:41","slug":"laubhuettenfest-2023","status":"publish","type":"post","link":"https:\/\/nueha.de\/?p=338","title":{"rendered":"Laubh\u00fcttenfest 2023"},"content":{"rendered":"\n<figure class=\"wp-block-image size-large\"><img loading=\"lazy\" decoding=\"async\" width=\"1024\" height=\"768\" src=\"https:\/\/nueha.de\/wp-content\/uploads\/2023\/10\/IMG_3248-1024x768.jpg\" alt=\"\" class=\"wp-image-342\" srcset=\"https:\/\/nueha.de\/wp-content\/uploads\/2023\/10\/IMG_3248-1024x768.jpg 1024w, https:\/\/nueha.de\/wp-content\/uploads\/2023\/10\/IMG_3248-300x225.jpg 300w, https:\/\/nueha.de\/wp-content\/uploads\/2023\/10\/IMG_3248-768x576.jpg 768w, https:\/\/nueha.de\/wp-content\/uploads\/2023\/10\/IMG_3248-1536x1152.jpg 1536w, https:\/\/nueha.de\/wp-content\/uploads\/2023\/10\/IMG_3248-2048x1536.jpg 2048w\" sizes=\"auto, (max-width: 1024px) 100vw, 1024px\" \/><figcaption><strong>die Laubh\u00fctte am Konrmarkt<\/strong><\/figcaption><\/figure>\n\n\n\n<p>Das Laubh\u00fcttenfest (Sukkot) ist das j\u00fcdische Erntedankfest \u2013 und eines der drei wichtigsten j\u00fcdischen Feste \u00fcberhaupt. Und weil es eine so wichtige und sch\u00f6ne Feier ist, lud der Verein zur F\u00f6rderung der St\u00e4dtepartnerschaft zwischen N\u00fcrnberg und Hadera auch 2023 zum Laubh\u00fcttenfest in die N\u00fcrnberger Altstadt ein. Es war bereits die vierte Feier dieser Art, die diesmal auf dem Kornmarkt &#8211; in unmittelbarer N\u00e4he zur Stra\u00dfe der Menschenrechte, wo der Einsatz N\u00fcrnbergs gegen Rassismus und Antisemitismus besonders deutlich wird. <br><\/p>\n\n\n\n<figure class=\"wp-block-image size-large\"><img loading=\"lazy\" decoding=\"async\" width=\"768\" height=\"1024\" src=\"https:\/\/nueha.de\/wp-content\/uploads\/2023\/10\/IMG_3258-768x1024.jpg\" alt=\"\" class=\"wp-image-346\" srcset=\"https:\/\/nueha.de\/wp-content\/uploads\/2023\/10\/IMG_3258-768x1024.jpg 768w, https:\/\/nueha.de\/wp-content\/uploads\/2023\/10\/IMG_3258-225x300.jpg 225w, https:\/\/nueha.de\/wp-content\/uploads\/2023\/10\/IMG_3258-1152x1536.jpg 1152w, https:\/\/nueha.de\/wp-content\/uploads\/2023\/10\/IMG_3258-1536x2048.jpg 1536w, https:\/\/nueha.de\/wp-content\/uploads\/2023\/10\/IMG_3258-scaled.jpg 1920w\" sizes=\"auto, (max-width: 768px) 100vw, 768px\" \/><\/figure>\n\n\n\n<p><strong>das Wesen der Sukkah &#8211; oben offen<\/strong><\/p>\n\n\n\n<p><br>2023 unterst\u00fctzte der Verein die Aktion von ELNET: \u201eFragemauer gegen Antisemitismus\u201c (https:\/\/fragemauer.de). In die Laubh\u00fctte lud der Verein vom 28. bis 30. September zum fr\u00f6hlichen Feiern, gemeinsamen Essen und Trinken ein. Es gab Informationen zu Israel und zur Partnerschaft zwischen N\u00fcrnberg und Hadera sowie \u00fcber das j\u00fcdische Leben in N\u00fcrnberg. <br><br>Am Donnerstag, 28. September, schm\u00fcckten Sch\u00fclerinnen und Sch\u00fcler der Grundschule Paniersplatz die Laubh\u00fctte mit den traditionellen Zweigen und Obst.  Gleichzeitig spendete der Bayerfische Bauernverband wie bisher jedes Jahr Erntedankk\u00f6rbe, die den Bezug von H\u00fctte zum Knoblauchsland und seinen Produkten schufen. Am Freitag und Samstag, 29. und 30. September, war die Sukka jeweils von 16 bis 19 Uhr ge\u00f6ffnet. Vereinsmitglieder informierten \u00fcber die St\u00e4dtepartnerschaft.<\/p>\n\n\n\n<figure class=\"wp-block-image size-large is-resized\"><img loading=\"lazy\" decoding=\"async\" src=\"https:\/\/nueha.de\/wp-content\/uploads\/2023\/10\/IMG_3250-768x1024.jpg\" alt=\"\" class=\"wp-image-341\" width=\"768\" height=\"1024\" srcset=\"https:\/\/nueha.de\/wp-content\/uploads\/2023\/10\/IMG_3250-768x1024.jpg 768w, https:\/\/nueha.de\/wp-content\/uploads\/2023\/10\/IMG_3250-225x300.jpg 225w, https:\/\/nueha.de\/wp-content\/uploads\/2023\/10\/IMG_3250-1152x1536.jpg 1152w, https:\/\/nueha.de\/wp-content\/uploads\/2023\/10\/IMG_3250-1536x2048.jpg 1536w, https:\/\/nueha.de\/wp-content\/uploads\/2023\/10\/IMG_3250-scaled.jpg 1920w\" sizes=\"auto, (max-width: 768px) 100vw, 768px\" \/><figcaption><strong>Dekoration und Information<\/strong><\/figcaption><\/figure>\n","protected":false},"excerpt":{"rendered":"<p>Das Laubh\u00fcttenfest (Sukkot) ist das j\u00fcdische Erntedankfest \u2013 und eines der drei wichtigsten j\u00fcdischen Feste \u00fcberhaupt. Und weil es eine so wichtige und sch\u00f6ne Feier ist, lud der Verein zur F\u00f6rderung der St\u00e4dtepartnerschaft zwischen N\u00fcrnberg und Hadera auch 2023 zum Laubh\u00fcttenfest in die N\u00fcrnberger Altstadt ein. Es war bereits die vierte Feier dieser Art, die<\/p><\/div>\n<div class=\"blog-btn\"><a href=\"https:\/\/nueha.de\/?p=338\" class=\"home-blog-btn\">Weiterlesen<\/a><\/p>\n","protected":false},"author":2,"featured_media":0,"comment_status":"closed","ping_status":"open","sticky":false,"template":"","format":"standard","meta":{"footnotes":""},"categories":[4,12,1],"tags":[],"class_list":["post-338","post","type-post","status-publish","format-standard","hentry","category-aktivitaeten","category-aktuelles","category-allgemein"],"_links":{"self":[{"href":"https:\/\/nueha.de\/index.php?rest_route=\/wp\/v2\/posts\/338","targetHints":{"allow":["GET"]}}],"collection":[{"href":"https:\/\/nueha.de\/index.php?rest_route=\/wp\/v2\/posts"}],"about":[{"href":"https:\/\/nueha.de\/index.php?rest_route=\/wp\/v2\/types\/post"}],"author":[{"embeddable":true,"href":"https:\/\/nueha.de\/index.php?rest_route=\/wp\/v2\/users\/2"}],"replies":[{"embeddable":true,"href":"https:\/\/nueha.de\/index.php?rest_route=%2Fwp%2Fv2%2Fcomments&post=338"}],"version-history":[{"count":5,"href":"https:\/\/nueha.de\/index.php?rest_route=\/wp\/v2\/posts\/338\/revisions"}],"predecessor-version":[{"id":347,"href":"https:\/\/nueha.de\/index.php?rest_route=\/wp\/v2\/posts\/338\/revisions\/347"}],"wp:attachment":[{"href":"https:\/\/nueha.de\/index.php?rest_route=%2Fwp%2Fv2%2Fmedia&parent=338"}],"wp:term":[{"taxonomy":"category","embeddable":true,"href":"https:\/\/nueha.de\/index.php?rest_route=%2Fwp%2Fv2%2Fcategories&post=338"},{"taxonomy":"post_tag","embeddable":true,"href":"https:\/\/nueha.de\/index.php?rest_route=%2Fwp%2Fv2%2Ftags&post=338"}],"curies":[{"name":"wp","href":"https:\/\/api.w.org\/{rel}","templated":true}]}}