{"id":313,"date":"2022-03-28T12:47:04","date_gmt":"2022-03-28T10:47:04","guid":{"rendered":"https:\/\/nueha.de\/?p=313"},"modified":"2022-03-28T12:47:04","modified_gmt":"2022-03-28T10:47:04","slug":"am-27-03-2022-erlebte-unsere-partnerstadt-hadera-einen-terroranschlag","status":"publish","type":"post","link":"https:\/\/nueha.de\/?p=313","title":{"rendered":"Am 27.03.2022 erlebte unsere Partnerstadt Hadera einen Terroranschlag."},"content":{"rendered":"\n<p>Zwei Menschen wurden get\u00f6tet und sechs weitere sind verletzt worden.<br>Die T\u00e4ter sind einer terroristischen Organisation zuzuordnen.<br>Als Vorsitzende des Vereins zur F\u00f6rderung der St\u00e4dtepartnerschaft N\u00fcrnberg-Hadera e.V. bin ich in tiefer Trauer und dr\u00fccke mein Beileid den Familien der Verstorbenen aus. Den Verletzten w\u00fcnsche ich baldige Genesung.<\/p>\n\n\n\n<p>Ideologisch verblendete Menschen tun unmenschliche Taten und f\u00fcgen nicht nur Leid zu, sie sch\u00fcren den Hass und verbreiten Angst. Wir sollen nicht nachlassen, mit allen Mitteln menschenverachtende Ideologien zu bek\u00e4mpfen und uns f\u00fcr die Menschlichkeit einzusetzen.<\/p>\n\n\n\n<p>Diana Liberova<\/p>\n","protected":false},"excerpt":{"rendered":"<p>Zwei Menschen wurden get\u00f6tet und sechs weitere sind verletzt worden.Die T\u00e4ter sind einer terroristischen Organisation zuzuordnen.Als Vorsitzende des Vereins zur F\u00f6rderung der St\u00e4dtepartnerschaft N\u00fcrnberg-Hadera e.V. bin ich in tiefer Trauer und dr\u00fccke mein Beileid den Familien der Verstorbenen aus. Den Verletzten w\u00fcnsche ich baldige Genesung. Ideologisch verblendete Menschen tun unmenschliche Taten und f\u00fcgen nicht nur<\/p><\/div>\n<div class=\"blog-btn\"><a href=\"https:\/\/nueha.de\/?p=313\" class=\"home-blog-btn\">Weiterlesen<\/a><\/p>\n","protected":false},"author":1,"featured_media":0,"comment_status":"closed","ping_status":"open","sticky":false,"template":"","format":"standard","meta":{"footnotes":""},"categories":[12,1],"tags":[],"class_list":["post-313","post","type-post","status-publish","format-standard","hentry","category-aktuelles","category-allgemein"],"_links":{"self":[{"href":"https:\/\/nueha.de\/index.php?rest_route=\/wp\/v2\/posts\/313","targetHints":{"allow":["GET"]}}],"collection":[{"href":"https:\/\/nueha.de\/index.php?rest_route=\/wp\/v2\/posts"}],"about":[{"href":"https:\/\/nueha.de\/index.php?rest_route=\/wp\/v2\/types\/post"}],"author":[{"embeddable":true,"href":"https:\/\/nueha.de\/index.php?rest_route=\/wp\/v2\/users\/1"}],"replies":[{"embeddable":true,"href":"https:\/\/nueha.de\/index.php?rest_route=%2Fwp%2Fv2%2Fcomments&post=313"}],"version-history":[{"count":1,"href":"https:\/\/nueha.de\/index.php?rest_route=\/wp\/v2\/posts\/313\/revisions"}],"predecessor-version":[{"id":314,"href":"https:\/\/nueha.de\/index.php?rest_route=\/wp\/v2\/posts\/313\/revisions\/314"}],"wp:attachment":[{"href":"https:\/\/nueha.de\/index.php?rest_route=%2Fwp%2Fv2%2Fmedia&parent=313"}],"wp:term":[{"taxonomy":"category","embeddable":true,"href":"https:\/\/nueha.de\/index.php?rest_route=%2Fwp%2Fv2%2Fcategories&post=313"},{"taxonomy":"post_tag","embeddable":true,"href":"https:\/\/nueha.de\/index.php?rest_route=%2Fwp%2Fv2%2Ftags&post=313"}],"curies":[{"name":"wp","href":"https:\/\/api.w.org\/{rel}","templated":true}]}}